{"id":2544,"date":"2023-05-23T14:47:12","date_gmt":"2023-05-23T21:47:12","guid":{"rendered":"https:\/\/www.penderventures.com\/?p=2544"},"modified":"2023-05-26T14:50:29","modified_gmt":"2023-05-26T21:50:29","slug":"inauguration-du-tech-ceo-de-pender-ventures","status":"publish","type":"post","link":"https:\/\/www.penderventures.com\/fr\/inauguration-du-tech-ceo-de-pender-ventures\/","title":{"rendered":"Inauguration du Tech CEO de Pender Ventures"},"content":{"rendered":"\n<p>C\u2019est une grande passion qui anime l\u2019\u00e9quipe de Pender Ventures pour tout ce qui touche de pr\u00e8s ou de loin \u00e0 la cr\u00e9ation d\u2019entreprises, \u00e0 la production de r\u00e9sultats concrets et percutants ainsi qu\u2019au soutien des dirigeants qui rel\u00e8vent ces d\u00e9fis. Notre premier \u00e9v\u00e9nement Tech CEO a r\u00e9uni des PDG et dirigeants-cadres des soci\u00e9t\u00e9s qui se retrouvent dans les portefeuilles du <a href=\"https:\/\/www.penderventures.com\/fr\/portefeuille\/\">Fonds points d\u2019inflexion technologique Pender<\/a> et du <a href=\"https:\/\/www.penderfund.com\/fr\/fonds-dopportunites-petites-capitalisations-pender\/\">Fonds d\u2019opportunit\u00e9s \u00e0 petites capitalisations Pender<\/a> afin de souder les communaut\u00e9s et de tisser des liens.<\/p>\n\n\n\n<p>Pour arriver \u00e0 cr\u00e9er une entreprise solide et r\u00e9siliente, il faut accorder du temps \u00e0 la r\u00e9flexion \u2013 une qui porte sur tous les aspects de la soci\u00e9t\u00e9. C\u2019est par ailleurs ce temps d\u2019arr\u00eat, utilis\u00e9 pour \u00e9valuer les mesures prises, les objectifs et les ajustements \u00e9ventuels, qui permet \u00e0 certaines entreprises de gagner une longueur d\u2019avance sur les autres. Notre \u00e9v\u00e9nement fut l\u2019occasion pour nos dirigeants participants d\u2019obtenir de pr\u00e9cieux renseignements, notamment&nbsp;:<\/p>\n\n\n\n<ul class=\"wp-block-list\">\n<li>Le fait d\u2019avoir une vision nette et bien d\u00e9finie de l\u2019avenir de son entreprise permet de concevoir les partenariats qui lui seront essentiels et qui contribueront \u00e0 amplifier ses r\u00e9ussites. En envisageant cet aspect t\u00f4t, il est possible de cultiver les relations de fa\u00e7on plus organique et de les alimenter au fil du temps afin de pouvoir compter sur elles au besoin.<\/li>\n\n\n\n<li>Bien que b\u00e2tir une entreprise solide demeure la priorit\u00e9, il est tout aussi important d\u2019envisager sa strat\u00e9gie de sortie; une qui compl\u00e8te bien la strat\u00e9gie d\u2019affaires au lieu de la guider. Ainsi, assortie d\u2019une strat\u00e9gie de sortie bien d\u00e9finie, l\u2019entreprise sera mieux pr\u00e9par\u00e9e, plus ouverte aux options et bien plac\u00e9e pour r\u00e9pondre rapidement aux changements et aux occasions qui se pr\u00e9sentent.<\/li>\n\n\n\n<li>Au moment de formuler une strat\u00e9gie pour l\u2019entreprise, les dirigeants ont tendance \u00e0 cibler deux aspects principaux&nbsp;: d\u00e9finir l\u2019objectif et la vision de l\u2019entreprise \u00e0 long terme et \u00e9tablir ses priorit\u00e9s cl\u00e9s pour l\u2019ann\u00e9e qui vient. Toutefois, pour que ces \u00e9l\u00e9ments s\u2019imbriquent efficacement, il est imp\u00e9ratif de cerner les objectifs \u00e0 moyen terme. C\u2019est l\u00e0 qu\u2019intervient le concept&nbsp;<a href=\"https:\/\/www.metronomics.com\/\">3HAG<\/a> (un objectif hautement atteignable d\u2019ici 3&nbsp;ans &#8211; de l\u2019anglais&nbsp;<em>3-year highly achievable goal<\/em>), faisant le pont entre les objectifs \u00e0 long terme et \u00e0 court terme et servant de but tangible pour rallier les troupes.<\/li>\n\n\n\n<li>Les bonnes entreprises continueront d\u2019\u00eatre la cible de placements, m\u00eame en p\u00e9riode houleuse sur les march\u00e9s. \u00c0 la lumi\u00e8re de l\u2019\u00e9tat actuel des choses et de la chute des multiples, il est d\u2019autant plus important de cibler les donn\u00e9es fondamentales et les unit\u00e9s \u00e9conomiques.<\/li>\n<\/ul>\n\n\n\n<p>Nous croyons fermement que la cr\u00e9ation d\u2019une entreprise couronn\u00e9e de succ\u00e8s ne se fait pas en solo; elle n\u00e9cessite l\u2019appui d\u2019une communaut\u00e9 solide et solidaire. C\u2019est en somme ce que notre \u00e9v\u00e9nement tente de promouvoir. Au moyen de notre table ronde, les PDG ont \u00e9t\u00e9 en mesure d\u2019\u00e9tablir des liens, de faire part de leur exp\u00e9rience et v\u00e9cu et de jeter les bases d\u2019un r\u00e9seau de soutien pour l\u2019avenir.<\/p>\n\n\n\n<p>Notre s\u00e9ance de fermeture a \u00e9galement donn\u00e9 l\u2019occasion aux dirigeants de communiquer directement avec les promoteurs et investisseurs de Pender Ventures, nouant de ce fait de nouvelles relations et de potentielles collaborations \u00e0 l\u2019avenir.<\/p>\n\n\n\n<p>\u00c0 l\u2019issue de cette premi\u00e8re rencontre, nous sommes inspir\u00e9s par les pr\u00e9cieuses r\u00e9troactions des participants et envisageons d\u00e9j\u00e0 des fa\u00e7ons d\u2019am\u00e9liorer cet \u00e9v\u00e9nement pour l\u2019ann\u00e9e prochaine. Finalement, nous souhaitons offrir toute notre gratitude \u00e0 <a href=\"https:\/\/www.linkedin.com\/in\/ivor-luk-9972043\/?originalSubdomain=ca\">@Ivor Luk<\/a> et \u00e0 l\u2019\u00e9quipe exceptionnelle de <a href=\"https:\/\/www2.deloitte.com\/ca\/en\/pages\/about-deloitte\/articles\/deloitte-summit.html\">Deloitte<\/a>. Nous vous sommes tr\u00e8s reconnaissants de votre soutien et de votre hospitalit\u00e9, lesquels nous ont permis de rassembler tout ce beau monde dans un lieu formidable.<\/p>\n\n\n\n<figure class=\"wp-block-gallery has-nested-images columns-2 is-cropped wp-block-gallery-2 is-layout-flex wp-block-gallery-is-layout-flex\">\n<figure class=\"wp-block-image size-large\"><img loading=\"lazy\" decoding=\"async\" width=\"768\" height=\"1024\" data-id=\"2535\" src=\"https:\/\/www.penderventures.com\/wp-content\/uploads\/2023\/05\/IMG_6455-768x1024.jpg\" alt=\"\" class=\"wp-image-2535\" srcset=\"https:\/\/www.penderventures.com\/wp-content\/uploads\/2023\/05\/IMG_6455-768x1024.jpg 768w, https:\/\/www.penderventures.com\/wp-content\/uploads\/2023\/05\/IMG_6455-225x300.jpg 225w, https:\/\/www.penderventures.com\/wp-content\/uploads\/2023\/05\/IMG_6455-1152x1536.jpg 1152w, https:\/\/www.penderventures.com\/wp-content\/uploads\/2023\/05\/IMG_6455-1536x2048.jpg 1536w, https:\/\/www.penderventures.com\/wp-content\/uploads\/2023\/05\/IMG_6455-scaled.jpg 1920w\" sizes=\"auto, (max-width: 768px) 100vw, 768px\" \/><\/figure>\n\n\n\n<figure class=\"wp-block-image size-large\"><img loading=\"lazy\" decoding=\"async\" width=\"768\" height=\"1024\" data-id=\"2533\" src=\"https:\/\/www.penderventures.com\/wp-content\/uploads\/2023\/05\/IMG_6496-768x1024.jpg\" alt=\"\" class=\"wp-image-2533\" srcset=\"https:\/\/www.penderventures.com\/wp-content\/uploads\/2023\/05\/IMG_6496-768x1024.jpg 768w, https:\/\/www.penderventures.com\/wp-content\/uploads\/2023\/05\/IMG_6496-225x300.jpg 225w, https:\/\/www.penderventures.com\/wp-content\/uploads\/2023\/05\/IMG_6496-1152x1536.jpg 1152w, https:\/\/www.penderventures.com\/wp-content\/uploads\/2023\/05\/IMG_6496-1536x2048.jpg 1536w, https:\/\/www.penderventures.com\/wp-content\/uploads\/2023\/05\/IMG_6496-scaled.jpg 1920w\" sizes=\"auto, (max-width: 768px) 100vw, 768px\" \/><\/figure>\n\n\n\n<figure class=\"wp-block-image size-full is-style-default\"><img loading=\"lazy\" decoding=\"async\" width=\"2560\" height=\"1920\" data-id=\"2531\" src=\"https:\/\/www.penderventures.com\/wp-content\/uploads\/2023\/05\/20230511_160655239_iOS-scaled.jpg\" alt=\"\" class=\"wp-image-2531\" srcset=\"https:\/\/www.penderventures.com\/wp-content\/uploads\/2023\/05\/20230511_160655239_iOS-scaled.jpg 2560w, https:\/\/www.penderventures.com\/wp-content\/uploads\/2023\/05\/20230511_160655239_iOS-300x225.jpg 300w, https:\/\/www.penderventures.com\/wp-content\/uploads\/2023\/05\/20230511_160655239_iOS-1024x768.jpg 1024w, https:\/\/www.penderventures.com\/wp-content\/uploads\/2023\/05\/20230511_160655239_iOS-768x576.jpg 768w, https:\/\/www.penderventures.com\/wp-content\/uploads\/2023\/05\/20230511_160655239_iOS-1536x1152.jpg 1536w, https:\/\/www.penderventures.com\/wp-content\/uploads\/2023\/05\/20230511_160655239_iOS-2048x1536.jpg 2048w\" sizes=\"auto, (max-width: 2560px) 100vw, 2560px\" \/><\/figure>\n<\/figure>\n","protected":false},"excerpt":{"rendered":"<p>C\u2019est une grande passion qui anime l\u2019\u00e9quipe de Pender Ventures pour tout ce qui touche de pr\u00e8s ou de loin \u00e0 la cr\u00e9ation d\u2019entreprises, \u00e0 la production de r\u00e9sultats concrets et percutants ainsi qu\u2019au soutien des dirigeants qui rel\u00e8vent ces d\u00e9fis. Notre premier \u00e9v\u00e9nement Tech CEO a r\u00e9uni des PDG et dirigeants-cadres des soci\u00e9t\u00e9s qui [&hellip;]<\/p>\n","protected":false},"author":13,"featured_media":2531,"comment_status":"closed","ping_status":"closed","sticky":false,"template":"","format":"standard","meta":{"_jetpack_memberships_contains_paid_content":false,"footnotes":""},"categories":[26],"tags":[27],"class_list":["post-2544","post","type-post","status-publish","format-standard","has-post-thumbnail","hentry","category-actualites-opinions","tag-opinions"],"yoast_head":"<!-- This site is optimized with the Yoast SEO plugin v27.5 - https:\/\/yoast.com\/product\/yoast-seo-wordpress\/ -->\n<title>Inauguration du Tech CEO de Pender Ventures - Pender Ventures<\/title>\n<meta name=\"robots\" content=\"index, follow, max-snippet:-1, max-image-preview:large, max-video-preview:-1\" \/>\n<link rel=\"canonical\" href=\"https:\/\/www.penderventures.com\/fr\/inauguration-du-tech-ceo-de-pender-ventures\/\" \/>\n<meta property=\"og:locale\" content=\"fr_FR\" \/>\n<meta property=\"og:type\" content=\"article\" \/>\n<meta property=\"og:title\" content=\"Inauguration du Tech CEO de Pender Ventures - Pender Ventures\" \/>\n<meta property=\"og:description\" content=\"C\u2019est une grande passion qui anime l\u2019\u00e9quipe de Pender Ventures pour tout ce qui touche de pr\u00e8s ou de loin \u00e0 la cr\u00e9ation d\u2019entreprises, \u00e0 la production de r\u00e9sultats concrets et percutants ainsi qu\u2019au soutien des dirigeants qui rel\u00e8vent ces d\u00e9fis. Notre premier \u00e9v\u00e9nement Tech CEO a r\u00e9uni des PDG et dirigeants-cadres des soci\u00e9t\u00e9s qui [&hellip;]\" \/>\n<meta property=\"og:url\" content=\"https:\/\/www.penderventures.com\/fr\/inauguration-du-tech-ceo-de-pender-ventures\/\" \/>\n<meta property=\"og:site_name\" content=\"Pender Ventures\" \/>\n<meta property=\"article:published_time\" content=\"2023-05-23T21:47:12+00:00\" \/>\n<meta property=\"article:modified_time\" content=\"2023-05-26T21:50:29+00:00\" \/>\n<meta property=\"og:image\" content=\"https:\/\/www.penderventures.com\/wp-content\/uploads\/2023\/05\/20230511_160655239_iOS-scaled.jpg\" \/>\n\t<meta property=\"og:image:width\" content=\"2560\" \/>\n\t<meta property=\"og:image:height\" content=\"1920\" \/>\n\t<meta property=\"og:image:type\" content=\"image\/jpeg\" \/>\n<meta name=\"author\" content=\"Lynn Frazer\" \/>\n<meta name=\"twitter:card\" content=\"summary_large_image\" \/>\n<meta name=\"twitter:creator\" content=\"@penderventures\" \/>\n<meta name=\"twitter:site\" content=\"@penderventures\" \/>\n<meta name=\"twitter:label1\" content=\"\u00c9crit par\" \/>\n\t<meta name=\"twitter:data1\" content=\"Lynn Frazer\" \/>\n\t<meta name=\"twitter:label2\" content=\"Dur\u00e9e de lecture estim\u00e9e\" \/>\n\t<meta name=\"twitter:data2\" content=\"4 minutes\" \/>\n<script type=\"application\/ld+json\" class=\"yoast-schema-graph\">{\"@context\":\"https:\\\/\\\/schema.org\",\"@graph\":[{\"@type\":\"Article\",\"@id\":\"https:\\\/\\\/www.penderventures.com\\\/fr\\\/inauguration-du-tech-ceo-de-pender-ventures\\\/#article\",\"isPartOf\":{\"@id\":\"https:\\\/\\\/www.penderventures.com\\\/fr\\\/inauguration-du-tech-ceo-de-pender-ventures\\\/\"},\"author\":{\"name\":\"Lynn Frazer\",\"@id\":\"https:\\\/\\\/www.penderventures.com\\\/#\\\/schema\\\/person\\\/1192893a7b40e4d513b87a34d5cde697\"},\"headline\":\"Inauguration du Tech CEO de Pender Ventures\",\"datePublished\":\"2023-05-23T21:47:12+00:00\",\"dateModified\":\"2023-05-26T21:50:29+00:00\",\"mainEntityOfPage\":{\"@id\":\"https:\\\/\\\/www.penderventures.com\\\/fr\\\/inauguration-du-tech-ceo-de-pender-ventures\\\/\"},\"wordCount\":689,\"publisher\":{\"@id\":\"https:\\\/\\\/www.penderventures.com\\\/#organization\"},\"image\":{\"@id\":\"https:\\\/\\\/www.penderventures.com\\\/fr\\\/inauguration-du-tech-ceo-de-pender-ventures\\\/#primaryimage\"},\"thumbnailUrl\":\"https:\\\/\\\/www.penderventures.com\\\/wp-content\\\/uploads\\\/2023\\\/05\\\/20230511_160655239_iOS-scaled.jpg\",\"keywords\":[\"Opinions\"],\"articleSection\":[\"Actualit\u00e9s et opinions\"],\"inLanguage\":\"fr-FR\"},{\"@type\":\"WebPage\",\"@id\":\"https:\\\/\\\/www.penderventures.com\\\/fr\\\/inauguration-du-tech-ceo-de-pender-ventures\\\/\",\"url\":\"https:\\\/\\\/www.penderventures.com\\\/fr\\\/inauguration-du-tech-ceo-de-pender-ventures\\\/\",\"name\":\"Inauguration du Tech CEO de Pender Ventures - Pender Ventures\",\"isPartOf\":{\"@id\":\"https:\\\/\\\/www.penderventures.com\\\/#website\"},\"primaryImageOfPage\":{\"@id\":\"https:\\\/\\\/www.penderventures.com\\\/fr\\\/inauguration-du-tech-ceo-de-pender-ventures\\\/#primaryimage\"},\"image\":{\"@id\":\"https:\\\/\\\/www.penderventures.com\\\/fr\\\/inauguration-du-tech-ceo-de-pender-ventures\\\/#primaryimage\"},\"thumbnailUrl\":\"https:\\\/\\\/www.penderventures.com\\\/wp-content\\\/uploads\\\/2023\\\/05\\\/20230511_160655239_iOS-scaled.jpg\",\"datePublished\":\"2023-05-23T21:47:12+00:00\",\"dateModified\":\"2023-05-26T21:50:29+00:00\",\"breadcrumb\":{\"@id\":\"https:\\\/\\\/www.penderventures.com\\\/fr\\\/inauguration-du-tech-ceo-de-pender-ventures\\\/#breadcrumb\"},\"inLanguage\":\"fr-FR\",\"potentialAction\":[{\"@type\":\"ReadAction\",\"target\":[\"https:\\\/\\\/www.penderventures.com\\\/fr\\\/inauguration-du-tech-ceo-de-pender-ventures\\\/\"]}]},{\"@type\":\"ImageObject\",\"inLanguage\":\"fr-FR\",\"@id\":\"https:\\\/\\\/www.penderventures.com\\\/fr\\\/inauguration-du-tech-ceo-de-pender-ventures\\\/#primaryimage\",\"url\":\"https:\\\/\\\/www.penderventures.com\\\/wp-content\\\/uploads\\\/2023\\\/05\\\/20230511_160655239_iOS-scaled.jpg\",\"contentUrl\":\"https:\\\/\\\/www.penderventures.com\\\/wp-content\\\/uploads\\\/2023\\\/05\\\/20230511_160655239_iOS-scaled.jpg\",\"width\":2560,\"height\":1920},{\"@type\":\"BreadcrumbList\",\"@id\":\"https:\\\/\\\/www.penderventures.com\\\/fr\\\/inauguration-du-tech-ceo-de-pender-ventures\\\/#breadcrumb\",\"itemListElement\":[{\"@type\":\"ListItem\",\"position\":1,\"name\":\"Home\",\"item\":\"https:\\\/\\\/www.penderventures.com\\\/fr\\\/\"},{\"@type\":\"ListItem\",\"position\":2,\"name\":\"Inauguration du Tech CEO de Pender Ventures\"}]},{\"@type\":\"WebSite\",\"@id\":\"https:\\\/\\\/www.penderventures.com\\\/#website\",\"url\":\"https:\\\/\\\/www.penderventures.com\\\/\",\"name\":\"Pender Ventures\",\"description\":\"\",\"publisher\":{\"@id\":\"https:\\\/\\\/www.penderventures.com\\\/#organization\"},\"potentialAction\":[{\"@type\":\"SearchAction\",\"target\":{\"@type\":\"EntryPoint\",\"urlTemplate\":\"https:\\\/\\\/www.penderventures.com\\\/?s={search_term_string}\"},\"query-input\":{\"@type\":\"PropertyValueSpecification\",\"valueRequired\":true,\"valueName\":\"search_term_string\"}}],\"inLanguage\":\"fr-FR\"},{\"@type\":\"Organization\",\"@id\":\"https:\\\/\\\/www.penderventures.com\\\/#organization\",\"name\":\"Pender Ventures\",\"url\":\"https:\\\/\\\/www.penderventures.com\\\/\",\"logo\":{\"@type\":\"ImageObject\",\"inLanguage\":\"fr-FR\",\"@id\":\"https:\\\/\\\/www.penderventures.com\\\/#\\\/schema\\\/logo\\\/image\\\/\",\"url\":\"https:\\\/\\\/www.penderventures.com\\\/wp-content\\\/uploads\\\/2022\\\/10\\\/2020_Pender_Ventures_SecondaryHoriz_Eng-e1666819861664.png\",\"contentUrl\":\"https:\\\/\\\/www.penderventures.com\\\/wp-content\\\/uploads\\\/2022\\\/10\\\/2020_Pender_Ventures_SecondaryHoriz_Eng-e1666819861664.png\",\"width\":978,\"height\":127,\"caption\":\"Pender Ventures\"},\"image\":{\"@id\":\"https:\\\/\\\/www.penderventures.com\\\/#\\\/schema\\\/logo\\\/image\\\/\"},\"sameAs\":[\"https:\\\/\\\/x.com\\\/penderventures\",\"https:\\\/\\\/www.linkedin.com\\\/company\\\/pender-ventures\"]},{\"@type\":\"Person\",\"@id\":\"https:\\\/\\\/www.penderventures.com\\\/#\\\/schema\\\/person\\\/1192893a7b40e4d513b87a34d5cde697\",\"name\":\"Lynn Frazer\",\"image\":{\"@type\":\"ImageObject\",\"inLanguage\":\"fr-FR\",\"@id\":\"https:\\\/\\\/secure.gravatar.com\\\/avatar\\\/f17aa5e5c7111f78d46a01c7ea14463d25009c5a6994e89f9163942a4ee53947?s=96&d=mm&r=g\",\"url\":\"https:\\\/\\\/secure.gravatar.com\\\/avatar\\\/f17aa5e5c7111f78d46a01c7ea14463d25009c5a6994e89f9163942a4ee53947?s=96&d=mm&r=g\",\"contentUrl\":\"https:\\\/\\\/secure.gravatar.com\\\/avatar\\\/f17aa5e5c7111f78d46a01c7ea14463d25009c5a6994e89f9163942a4ee53947?s=96&d=mm&r=g\",\"caption\":\"Lynn Frazer\"},\"url\":\"https:\\\/\\\/www.penderventures.com\\\/fr\\\/author\\\/lfrazer\\\/\"}]}<\/script>\n<!-- \/ Yoast SEO plugin. -->","yoast_head_json":{"title":"Inauguration du Tech CEO de Pender Ventures - Pender Ventures","robots":{"index":"index","follow":"follow","max-snippet":"max-snippet:-1","max-image-preview":"max-image-preview:large","max-video-preview":"max-video-preview:-1"},"canonical":"https:\/\/www.penderventures.com\/fr\/inauguration-du-tech-ceo-de-pender-ventures\/","og_locale":"fr_FR","og_type":"article","og_title":"Inauguration du Tech CEO de Pender Ventures - Pender Ventures","og_description":"C\u2019est une grande passion qui anime l\u2019\u00e9quipe de Pender Ventures pour tout ce qui touche de pr\u00e8s ou de loin \u00e0 la cr\u00e9ation d\u2019entreprises, \u00e0 la production de r\u00e9sultats concrets et percutants ainsi qu\u2019au soutien des dirigeants qui rel\u00e8vent ces d\u00e9fis. Notre premier \u00e9v\u00e9nement Tech CEO a r\u00e9uni des PDG et dirigeants-cadres des soci\u00e9t\u00e9s qui [&hellip;]","og_url":"https:\/\/www.penderventures.com\/fr\/inauguration-du-tech-ceo-de-pender-ventures\/","og_site_name":"Pender Ventures","article_published_time":"2023-05-23T21:47:12+00:00","article_modified_time":"2023-05-26T21:50:29+00:00","og_image":[{"width":2560,"height":1920,"url":"https:\/\/www.penderventures.com\/wp-content\/uploads\/2023\/05\/20230511_160655239_iOS-scaled.jpg","type":"image\/jpeg"}],"author":"Lynn Frazer","twitter_card":"summary_large_image","twitter_creator":"@penderventures","twitter_site":"@penderventures","twitter_misc":{"\u00c9crit par":"Lynn Frazer","Dur\u00e9e de lecture estim\u00e9e":"4 minutes"},"schema":{"@context":"https:\/\/schema.org","@graph":[{"@type":"Article","@id":"https:\/\/www.penderventures.com\/fr\/inauguration-du-tech-ceo-de-pender-ventures\/#article","isPartOf":{"@id":"https:\/\/www.penderventures.com\/fr\/inauguration-du-tech-ceo-de-pender-ventures\/"},"author":{"name":"Lynn Frazer","@id":"https:\/\/www.penderventures.com\/#\/schema\/person\/1192893a7b40e4d513b87a34d5cde697"},"headline":"Inauguration du Tech CEO de Pender Ventures","datePublished":"2023-05-23T21:47:12+00:00","dateModified":"2023-05-26T21:50:29+00:00","mainEntityOfPage":{"@id":"https:\/\/www.penderventures.com\/fr\/inauguration-du-tech-ceo-de-pender-ventures\/"},"wordCount":689,"publisher":{"@id":"https:\/\/www.penderventures.com\/#organization"},"image":{"@id":"https:\/\/www.penderventures.com\/fr\/inauguration-du-tech-ceo-de-pender-ventures\/#primaryimage"},"thumbnailUrl":"https:\/\/www.penderventures.com\/wp-content\/uploads\/2023\/05\/20230511_160655239_iOS-scaled.jpg","keywords":["Opinions"],"articleSection":["Actualit\u00e9s et opinions"],"inLanguage":"fr-FR"},{"@type":"WebPage","@id":"https:\/\/www.penderventures.com\/fr\/inauguration-du-tech-ceo-de-pender-ventures\/","url":"https:\/\/www.penderventures.com\/fr\/inauguration-du-tech-ceo-de-pender-ventures\/","name":"Inauguration du Tech CEO de Pender Ventures - Pender Ventures","isPartOf":{"@id":"https:\/\/www.penderventures.com\/#website"},"primaryImageOfPage":{"@id":"https:\/\/www.penderventures.com\/fr\/inauguration-du-tech-ceo-de-pender-ventures\/#primaryimage"},"image":{"@id":"https:\/\/www.penderventures.com\/fr\/inauguration-du-tech-ceo-de-pender-ventures\/#primaryimage"},"thumbnailUrl":"https:\/\/www.penderventures.com\/wp-content\/uploads\/2023\/05\/20230511_160655239_iOS-scaled.jpg","datePublished":"2023-05-23T21:47:12+00:00","dateModified":"2023-05-26T21:50:29+00:00","breadcrumb":{"@id":"https:\/\/www.penderventures.com\/fr\/inauguration-du-tech-ceo-de-pender-ventures\/#breadcrumb"},"inLanguage":"fr-FR","potentialAction":[{"@type":"ReadAction","target":["https:\/\/www.penderventures.com\/fr\/inauguration-du-tech-ceo-de-pender-ventures\/"]}]},{"@type":"ImageObject","inLanguage":"fr-FR","@id":"https:\/\/www.penderventures.com\/fr\/inauguration-du-tech-ceo-de-pender-ventures\/#primaryimage","url":"https:\/\/www.penderventures.com\/wp-content\/uploads\/2023\/05\/20230511_160655239_iOS-scaled.jpg","contentUrl":"https:\/\/www.penderventures.com\/wp-content\/uploads\/2023\/05\/20230511_160655239_iOS-scaled.jpg","width":2560,"height":1920},{"@type":"BreadcrumbList","@id":"https:\/\/www.penderventures.com\/fr\/inauguration-du-tech-ceo-de-pender-ventures\/#breadcrumb","itemListElement":[{"@type":"ListItem","position":1,"name":"Home","item":"https:\/\/www.penderventures.com\/fr\/"},{"@type":"ListItem","position":2,"name":"Inauguration du Tech CEO de Pender Ventures"}]},{"@type":"WebSite","@id":"https:\/\/www.penderventures.com\/#website","url":"https:\/\/www.penderventures.com\/","name":"Pender Ventures","description":"","publisher":{"@id":"https:\/\/www.penderventures.com\/#organization"},"potentialAction":[{"@type":"SearchAction","target":{"@type":"EntryPoint","urlTemplate":"https:\/\/www.penderventures.com\/?s={search_term_string}"},"query-input":{"@type":"PropertyValueSpecification","valueRequired":true,"valueName":"search_term_string"}}],"inLanguage":"fr-FR"},{"@type":"Organization","@id":"https:\/\/www.penderventures.com\/#organization","name":"Pender Ventures","url":"https:\/\/www.penderventures.com\/","logo":{"@type":"ImageObject","inLanguage":"fr-FR","@id":"https:\/\/www.penderventures.com\/#\/schema\/logo\/image\/","url":"https:\/\/www.penderventures.com\/wp-content\/uploads\/2022\/10\/2020_Pender_Ventures_SecondaryHoriz_Eng-e1666819861664.png","contentUrl":"https:\/\/www.penderventures.com\/wp-content\/uploads\/2022\/10\/2020_Pender_Ventures_SecondaryHoriz_Eng-e1666819861664.png","width":978,"height":127,"caption":"Pender Ventures"},"image":{"@id":"https:\/\/www.penderventures.com\/#\/schema\/logo\/image\/"},"sameAs":["https:\/\/x.com\/penderventures","https:\/\/www.linkedin.com\/company\/pender-ventures"]},{"@type":"Person","@id":"https:\/\/www.penderventures.com\/#\/schema\/person\/1192893a7b40e4d513b87a34d5cde697","name":"Lynn Frazer","image":{"@type":"ImageObject","inLanguage":"fr-FR","@id":"https:\/\/secure.gravatar.com\/avatar\/f17aa5e5c7111f78d46a01c7ea14463d25009c5a6994e89f9163942a4ee53947?s=96&d=mm&r=g","url":"https:\/\/secure.gravatar.com\/avatar\/f17aa5e5c7111f78d46a01c7ea14463d25009c5a6994e89f9163942a4ee53947?s=96&d=mm&r=g","contentUrl":"https:\/\/secure.gravatar.com\/avatar\/f17aa5e5c7111f78d46a01c7ea14463d25009c5a6994e89f9163942a4ee53947?s=96&d=mm&r=g","caption":"Lynn Frazer"},"url":"https:\/\/www.penderventures.com\/fr\/author\/lfrazer\/"}]}},"jetpack_featured_media_url":"https:\/\/www.penderventures.com\/wp-content\/uploads\/2023\/05\/20230511_160655239_iOS-scaled.jpg","jetpack_sharing_enabled":true,"_links":{"self":[{"href":"https:\/\/www.penderventures.com\/fr\/wp-json\/wp\/v2\/posts\/2544","targetHints":{"allow":["GET"]}}],"collection":[{"href":"https:\/\/www.penderventures.com\/fr\/wp-json\/wp\/v2\/posts"}],"about":[{"href":"https:\/\/www.penderventures.com\/fr\/wp-json\/wp\/v2\/types\/post"}],"author":[{"embeddable":true,"href":"https:\/\/www.penderventures.com\/fr\/wp-json\/wp\/v2\/users\/13"}],"replies":[{"embeddable":true,"href":"https:\/\/www.penderventures.com\/fr\/wp-json\/wp\/v2\/comments?post=2544"}],"version-history":[{"count":2,"href":"https:\/\/www.penderventures.com\/fr\/wp-json\/wp\/v2\/posts\/2544\/revisions"}],"predecessor-version":[{"id":2547,"href":"https:\/\/www.penderventures.com\/fr\/wp-json\/wp\/v2\/posts\/2544\/revisions\/2547"}],"wp:featuredmedia":[{"embeddable":true,"href":"https:\/\/www.penderventures.com\/fr\/wp-json\/wp\/v2\/media\/2531"}],"wp:attachment":[{"href":"https:\/\/www.penderventures.com\/fr\/wp-json\/wp\/v2\/media?parent=2544"}],"wp:term":[{"taxonomy":"category","embeddable":true,"href":"https:\/\/www.penderventures.com\/fr\/wp-json\/wp\/v2\/categories?post=2544"},{"taxonomy":"post_tag","embeddable":true,"href":"https:\/\/www.penderventures.com\/fr\/wp-json\/wp\/v2\/tags?post=2544"}],"curies":[{"name":"wp","href":"https:\/\/api.w.org\/{rel}","templated":true}]}}